{"id":89,"date":"2019-11-19T12:12:21","date_gmt":"2019-11-19T18:12:21","guid":{"rendered":"https:\/\/electoconsultores.com\/blog\/?p=89"},"modified":"2019-11-19T12:28:28","modified_gmt":"2019-11-19T18:28:28","slug":"algo-nuevo-algo-usado-algo-azul-y-algo-prestado","status":"publish","type":"post","link":"https:\/\/electoconsultores.com\/blog\/?p=89","title":{"rendered":"Algo nuevo, algo usado, algo azul y algo prestado."},"content":{"rendered":"<p>por Lucio Conti<\/p>\n<p>Al celebrarse una boda existe la tradici\u00f3n que la novia lleve consigo algo nuevo, algo usado, algo azul y algo prestado. Lo nuevo, augura un buen futuro: lo usado es el vinculo que une con el pasado: algo azul representa la fidelidad y constancia, mientras algo prestado simboliza la ayuda que puede recibirse del entorno cercano. Con estos elementos uno espera que el v\u00ednculo que se contrae sea genuino y duradero en el tiempo.<\/p>\n<p>Actualmente algunas de las acciones del presidente Andr\u00e9s Manuel L\u00f3pez Obrador, apuntan a contraer nupcias con la regi\u00f3n centro y sudamericana, en especial con las izquierdas. Hay similitudes ideol\u00f3gicas, es cierto, pero hay mucho m\u00e1s. En medio de un clima de inestabilidad e incertidumbre pol\u00edtica, AMLO es criticado por reconocer la legitimidad del r\u00e9gimen de Maduro a pesar de los informes regionales adversos contra el r\u00e9gimen, especialmente por parte de Derechos Humanos, a la vez ser reconocido muy positivamente por recibir al presidente argentino electo Alberto Fern\u00e1ndez, para mediar en la reestructuraci\u00f3n de la deuda Argentina con el FMI y a la vez de dar el compromiso en ayudar en encontrar soluci\u00f3n a la crisis econ\u00f3mica que atraviesa ese pa\u00eds. Y m\u00e1s en lo inmediato, recibir y dar asilo pol\u00edtico al presidente boliviano Evo Morales, quien tuvo que renunciar a su cargo ante distintas presiones de facto. Este \u00faltimo, un actor muy comprometido con la causa de los pobres, los despose\u00eddos y en especial los pueblos originarios de su pa\u00eds, con sorprendentes resultados econ\u00f3micos y sociales durante su presidencia.<\/p>\n<p>AMLO lleva consigo algo nuevo. A diferencia de los pa\u00edses latinoamericanos, quienes dieron el giro a la izquierda durante el \u00faltimo boom de precios de las commodities entre 2000\/2014 aprox., M\u00e9xico continu\u00f3 gobernado por la derecha. Fox, Calder\u00f3n y Pe\u00f1a Nieto. Program\u00e1ticamente si bien muchas de las propuestas del nuevo presidente van en similar sentido que aquellas llevadas adelante por sus pares de izquierdas una d\u00e9cada atr\u00e1s, el margen es mucho menor. El precio de los bienes primarios, incluido el petr\u00f3leo est\u00e1n planchados. En breve, no hay mucha caja para hacer pol\u00edtica social aunque al parecer hay maniobra para redistribuir. Una novedad de AMLO fue su plataforma electoral decididamente contestataria del status quo de la pol\u00edtica mexicana y en especial la corrupci\u00f3n de las elites pol\u00edticas y econ\u00f3micas. Esto \u00faltimo si es una novedad, ninguna plataforma de gobierno del giro a la izquierda pasado trabaj\u00f3 sobre el \u00edtem corrupci\u00f3n. De hecho, en muchos casos fueron las denuncias y hechos de corrupci\u00f3n lo que se los lleva puestos.<\/p>\n<p>AMLO lleva consigo algo usado. El giro a la izquierda de la regi\u00f3n marc\u00f3 hitos de gesti\u00f3n y de pol\u00edticas p\u00fablicas durante la d\u00e9cada pasada. La izquierda por primera vez pudo mantenerse en el poder y reelegir sus candidatos con altos niveles de aprobaci\u00f3n, aceptando las reglas de juego democr\u00e1ticas y por supuesto mejorando la distribuci\u00f3n de la riqueza y el ingreso de los sectores m\u00e1s carenciados. Sin embargo, la izquierda lejos estuvo de ser homog\u00e9nea en la regi\u00f3n. Aqu\u00ed el interrogante apunta a qu\u00e9 tipo de izquierda o a qu\u00e9 tipo de proyecto pol\u00edtico de izquierda apunta AMLO. De izquierdas hubo formas variadas. Las hay radicales como la de Hugo Ch\u00e1vez en Venezuela, Evo Morales en Bolivia y Rafael Correa en Ecuador, pasando por una izquierda contenida de los Kirchner en Argentina, a proyectos pol\u00edticos m\u00e1s moderados como el de Lula Da Silva en Brasil, Fernando Lugo en Paraguay, Jos\u00e9 Mujica y Tabar\u00e9 V\u00e1zquez en Uruguay y Michelle Bachellet en Chile. Quiz\u00e1s el parecido familiar sea m\u00e1s cercano al grupo de los moderados.<\/p>\n<p>AMLO lleva algo azul. A pesar que la intenci\u00f3n es llevar adelante una agenda program\u00e1tica de izquierdas, redistribuci\u00f3n, justicia social, etc., el contexto macroecon\u00f3mico puede marcar m\u00e1rgenes a este tipo de pol\u00edticas. Los pron\u00f3sticos de crecimiento econ\u00f3mico para M\u00e9xico y la regi\u00f3n no son auspiciantes y eso puede conspirar con la constancia e intensidad de ese tipo de agendas. Hay sobrados ejemplos en Am\u00e9rica Latina de <em>policy switches<\/em>, pol\u00edticos que llegaron con promesas de campa\u00f1as de izquierdas, redistribuci\u00f3n del ingreso, pol\u00edticas inclusivas y mayores beneficios a las clases populares, ampliaci\u00f3n de esferas de derechos y oportunidades, etc., e hicieron todo lo contrario, llevando adelante agendas neoliberales ante la ausencia de d\u00f3lares en la econom\u00eda y falta de reservas.<\/p>\n<p>AMLO lleva algo prestado. Si bien AMLO se ha mostrado con cautela ante nuevos grupos de naciones progresistas como el grupo Puebla que piensan reeditar la marea rosa de la UNASUR, es probable que las acciones como el asilo a Evo o la mediaci\u00f3n de la deuda de Argentina apunten a que AMLO quiera tener membres\u00eda y protagonismo en la regi\u00f3n. La cautela y la discreci\u00f3n quiz\u00e1s tengan que ver con que tambi\u00e9n se esperan se\u00f1ales de Estados Unidos en la aprobaci\u00f3n del nuevo tratado de comercio. No es improbable que AMLO pueda participar en una reedici\u00f3n de estas instancias suprarregionales para impulsar los intereses de su gobierno y de M\u00e9xico. No es necesario crear nada nuevo si ya existe.<\/p>\n<p>Para concluir, habr\u00e1 que ver si AMLO tiene margen para ser un l\u00edder regional. Es que el clima de inestabilidad e incertidumbre pol\u00edtica viaja muy r\u00e1pidamente entre los pa\u00edses de la regi\u00f3n. La r\u00e1pida erosi\u00f3n de los compromisos y pactos sociales que legitiman a los gobiernos pueden obligar a los presidentes a concentrarse m\u00e1s en pol\u00edtica dom\u00e9stica que regional, y en el caso de AMLO, obligarlo a hacer m\u00e1s mexicanismo que latinoamericanismo.<\/p>\n","protected":false},"excerpt":{"rendered":"<p>por Lucio Conti Al celebrarse una boda existe la tradici\u00f3n que la novia lleve consigo algo nuevo, algo usado, algo azul y algo prestado. Lo nuevo, augura un buen futuro: lo usado es&#8230;<\/p>\n","protected":false},"author":2,"featured_media":90,"comment_status":"open","ping_status":"closed","sticky":false,"template":"","format":"standard","meta":[],"categories":[1],"tags":[],"_links":{"self":[{"href":"https:\/\/electoconsultores.com\/blog\/index.php?rest_route=\/wp\/v2\/posts\/89"}],"collection":[{"href":"https:\/\/electoconsultores.com\/blog\/index.php?rest_route=\/wp\/v2\/posts"}],"about":[{"href":"https:\/\/electoconsultores.com\/blog\/index.php?rest_route=\/wp\/v2\/types\/post"}],"author":[{"embeddable":true,"href":"https:\/\/electoconsultores.com\/blog\/index.php?rest_route=\/wp\/v2\/users\/2"}],"replies":[{"embeddable":true,"href":"https:\/\/electoconsultores.com\/blog\/index.php?rest_route=%2Fwp%2Fv2%2Fcomments&post=89"}],"version-history":[{"count":3,"href":"https:\/\/electoconsultores.com\/blog\/index.php?rest_route=\/wp\/v2\/posts\/89\/revisions"}],"predecessor-version":[{"id":93,"href":"https:\/\/electoconsultores.com\/blog\/index.php?rest_route=\/wp\/v2\/posts\/89\/revisions\/93"}],"wp:featuredmedia":[{"embeddable":true,"href":"https:\/\/electoconsultores.com\/blog\/index.php?rest_route=\/wp\/v2\/media\/90"}],"wp:attachment":[{"href":"https:\/\/electoconsultores.com\/blog\/index.php?rest_route=%2Fwp%2Fv2%2Fmedia&parent=89"}],"wp:term":[{"taxonomy":"category","embeddable":true,"href":"https:\/\/electoconsultores.com\/blog\/index.php?rest_route=%2Fwp%2Fv2%2Fcategories&post=89"},{"taxonomy":"post_tag","embeddable":true,"href":"https:\/\/electoconsultores.com\/blog\/index.php?rest_route=%2Fwp%2Fv2%2Ftags&post=89"}],"curies":[{"name":"wp","href":"https:\/\/api.w.org\/{rel}","templated":true}]}}