{"id":72,"date":"2018-09-27T13:16:21","date_gmt":"2018-09-27T19:16:21","guid":{"rendered":"https:\/\/electoconsultores.com\/blog\/?p=72"},"modified":"2018-09-27T13:16:21","modified_gmt":"2018-09-27T19:16:21","slug":"los-saldos-de-pena-el-empleo-como-bandera","status":"publish","type":"post","link":"https:\/\/electoconsultores.com\/blog\/?p=72","title":{"rendered":"Los Saldos de Pe\u00f1a- El empleo como bandera"},"content":{"rendered":"<p><img decoding=\"async\" loading=\"lazy\" class=\"alignnone size-medium wp-image-73\" src=\"http:\/\/electoconsultores.com\/blog\/wp-content\/uploads\/2018\/09\/empleo-imagen-300x169.jpg\" alt=\"\" width=\"300\" height=\"169\" srcset=\"https:\/\/electoconsultores.com\/blog\/wp-content\/uploads\/2018\/09\/empleo-imagen-300x169.jpg 300w, https:\/\/electoconsultores.com\/blog\/wp-content\/uploads\/2018\/09\/empleo-imagen.jpg 640w\" sizes=\"(max-width: 300px) 100vw, 300px\" \/><\/p>\n<p>La gesti\u00f3n del actual presidente de la rep\u00fablica, Enrique Pe\u00f1a Nieto, ha tenido claros y oscuros a lo largo de su gesti\u00f3n. Unos podr\u00e1n decir que son m\u00e1s los oscuros, los tropiezos y la falta de resultados, que los aciertos y las metas alcanzadas casi al t\u00e9rmino de su gesti\u00f3n. Aunque no ha sido un camino f\u00e1cil para Pe\u00f1a, y en ocasiones llegamos a pensar que el estado se ven\u00eda por completo abajo, si hay algunos aspectos sumamente importantes y que se deben rescatar de su administraci\u00f3n.<\/p>\n<p>Durante la campa\u00f1a de 2012, Pe\u00f1a Nieto no utiliz\u00f3 como bandera principal el tema del empleo. A pesar de no pronunciarse como su antecesor, quien dijo que ser\u00eda el presidente del empleo, Pe\u00f1a si fue muy claro en su pronunciamiento en Villa Hermosa, Tabasco el d\u00eda 14 de mayo de 2012. En un evento masivo en el parque Chamaco Leyva, Pe\u00f1a dijo lo siguiente:<\/p>\n<p>&#8220;M\u00e9xico no aguanta m\u00e1s seguir en esta condici\u00f3n de bajo empleo y de empleos mal remunerados, necesitamos nuevos y m\u00e1s empleos bien pagados. Es un proyecto que vengo encabezando e impulsando para que M\u00e9xico est\u00e9 mejor&#8221;.<\/p>\n<p>As\u00ed como en el encuentro que sostuvo en el parque de la colonia Gaviotas, hubo otros m\u00e1s en los que fue muy preciso en el discurso, y visibiliz\u00f3 la problem\u00e1tica del empleo, asumiendo esa responsabilidad en cuanto llegar\u00e1 a la presidencia de la rep\u00fablica.<\/p>\n<p>Con la elaboraci\u00f3n del Plan Nacional de Desarrollo (PND), espec\u00edficamente en la meta de un M\u00e9xico Pr\u00f3spero, se le dio relevancia y cursos de acci\u00f3n al tema, fortaleciendo una vez m\u00e1s los valores de igualdad y justicia, que aparec\u00edan de manera transversal en todo el texto del PND. Algunas de las acciones que se llevar\u00edan a cabo con el objetivo de generar mejores condiciones para las familias mexicanas, fueron: fortalecimiento de la vinculaci\u00f3n y colocaci\u00f3n laboral, pol\u00edticas activas de capacitaci\u00f3n para el trabajo y en el trabajo, impulso de autoempleo en la formalidad, promoci\u00f3n y generaci\u00f3n de competencias y empleabilidad, entre otras que se ubican en el objetivo 4.3 del documento.<\/p>\n<p>Sin duda alguna existen muchas acciones planteadas en el PND que no fueron llevadas a cabo de la mejor manera. Incluso hay otras que pr\u00e1cticamente son letra muerta hasta el d\u00eda de hoy.<\/p>\n<p>Aqu\u00ed surge la siguiente pregunta: \u00bfFuncion\u00f3 la estrategia del gobierno federal en materia de generaci\u00f3n de empleos?<\/p>\n<p>Para respondernos, observemos los reportes del IMSS disponibles en los datos de la Secretar\u00eda del Trabajo y Previsi\u00f3n Social. As\u00ed tambi\u00e9n, comparemos con los logros en la materia de administraciones anteriores, para hacer el juicio final y definamos el saldo de Pe\u00f1a en materia de generaci\u00f3n de empleos.<\/p>\n<p>Considerando el n\u00famero de empleos permanentes y eventuales urbanos, la administraci\u00f3n de Pe\u00f1a ha generado un total de 3, 733,000 empleos asegurados. En las administraciones de Vicente Fox y Felipe Calder\u00f3n, las cifras fueron de 1,153,000 y 2, 253,000 respectivamente. Lo anterior, quiere decir que en lo que va del sexenio se ha generado un 223% m\u00e1s de empleos formales que en los 6 a\u00f1os de Fox y un 65% m\u00e1s que en la administraci\u00f3n de Felipe Calder\u00f3n Hinojosa. Incluso sumando el total de empleos formales en las dos administraciones anteriores, se obtuvieron 300,000 empleos menos que en la gesti\u00f3n de Pe\u00f1a, haciendo el corte a casi 10 semanas de que culmine su gobierno.<\/p>\n<p>Estas cifras no quieren decir que sean nuevos empleos en su totalidad. Mucho tiene que ver los esfuerzos que se llevaron a cabo en la implementaci\u00f3n de pol\u00edticas p\u00fablicas orientadas a la formalizaci\u00f3n laboral. En este sentido, mucho se debe reconocer al Instituto Mexicano del Seguro Social.<\/p>\n<p>De lo anterior, pueden surgir muchas otras cosas que analizar, por ejemplo: el rezago en formalizaci\u00f3n laboral, calidad del trabajo, desigualdad en el ingreso, nivel de salarios, impacto de las reformas, entre otras cuestiones que m\u00e1s adelante iremos exponiendo para visibilizar los saldos de Pe\u00f1a.<\/p>\n<p>Y cr\u00e9anme que no es mi intenci\u00f3n buscarle cinco pies al gato, pero se vuelve muy dif\u00edcil echar campanas al vuelo, cuando tenemos \u00edndices de desigualdad que duelen o un 43% de mexicanos en situaci\u00f3n de pobreza. Definitivamente algo est\u00e1 fallando en materia de empleo, ya que cerca del 65% del ingreso total en los hogares de M\u00e9xico, proviene del trabajo que desempe\u00f1amos todos los d\u00edas. Si dicho ingreso no alcanza para cubrir las necesidades b\u00e1sicas, todav\u00eda hay una deuda por saldar.<\/p>\n<p>Por el momento tenemos que reconocer que la estabilidad macroecon\u00f3mica, las inversiones nacionales y extranjeras, pero sobre todo, la pol\u00edtica de formalizaci\u00f3n laboral, arroja un SALDO POSITIVO en el n\u00famero de plazas aseguradas ante el IMSS y es cierto que se rompieron varios records a lo largo de la gesti\u00f3n que est\u00e1 por concluir.<\/p>\n<p>Aunque nadie lo dijo y nadie se lo esperaba, Enrique Pe\u00f1a tiene al empleo como bandera.<\/p>\n<p>Mgter. Edgar Acosta Morteo<\/p>\n","protected":false},"excerpt":{"rendered":"<p>La gesti\u00f3n del actual presidente de la rep\u00fablica, Enrique Pe\u00f1a Nieto, ha tenido claros y oscuros a lo largo de su gesti\u00f3n. Unos podr\u00e1n decir que son m\u00e1s los oscuros, los tropiezos y&#8230;<\/p>\n","protected":false},"author":2,"featured_media":73,"comment_status":"open","ping_status":"closed","sticky":false,"template":"","format":"standard","meta":[],"categories":[1],"tags":[],"_links":{"self":[{"href":"https:\/\/electoconsultores.com\/blog\/index.php?rest_route=\/wp\/v2\/posts\/72"}],"collection":[{"href":"https:\/\/electoconsultores.com\/blog\/index.php?rest_route=\/wp\/v2\/posts"}],"about":[{"href":"https:\/\/electoconsultores.com\/blog\/index.php?rest_route=\/wp\/v2\/types\/post"}],"author":[{"embeddable":true,"href":"https:\/\/electoconsultores.com\/blog\/index.php?rest_route=\/wp\/v2\/users\/2"}],"replies":[{"embeddable":true,"href":"https:\/\/electoconsultores.com\/blog\/index.php?rest_route=%2Fwp%2Fv2%2Fcomments&post=72"}],"version-history":[{"count":1,"href":"https:\/\/electoconsultores.com\/blog\/index.php?rest_route=\/wp\/v2\/posts\/72\/revisions"}],"predecessor-version":[{"id":74,"href":"https:\/\/electoconsultores.com\/blog\/index.php?rest_route=\/wp\/v2\/posts\/72\/revisions\/74"}],"wp:featuredmedia":[{"embeddable":true,"href":"https:\/\/electoconsultores.com\/blog\/index.php?rest_route=\/wp\/v2\/media\/73"}],"wp:attachment":[{"href":"https:\/\/electoconsultores.com\/blog\/index.php?rest_route=%2Fwp%2Fv2%2Fmedia&parent=72"}],"wp:term":[{"taxonomy":"category","embeddable":true,"href":"https:\/\/electoconsultores.com\/blog\/index.php?rest_route=%2Fwp%2Fv2%2Fcategories&post=72"},{"taxonomy":"post_tag","embeddable":true,"href":"https:\/\/electoconsultores.com\/blog\/index.php?rest_route=%2Fwp%2Fv2%2Ftags&post=72"}],"curies":[{"name":"wp","href":"https:\/\/api.w.org\/{rel}","templated":true}]}}