{"id":67,"date":"2018-09-14T10:39:17","date_gmt":"2018-09-14T16:39:17","guid":{"rendered":"https:\/\/electoconsultores.com\/blog\/?p=67"},"modified":"2018-09-14T10:41:47","modified_gmt":"2018-09-14T16:41:47","slug":"los-saldos-de-pena-la-pobreza-bajo-tratamiento-paliativo","status":"publish","type":"post","link":"https:\/\/electoconsultores.com\/blog\/?p=67","title":{"rendered":"Los Saldos de Pe\u00f1a- La pobreza bajo tratamiento paliativo"},"content":{"rendered":"<p><img decoding=\"async\" loading=\"lazy\" class=\"alignnone size-medium wp-image-68\" src=\"http:\/\/electoconsultores.com\/blog\/wp-content\/uploads\/2018\/09\/pobreza-imagen-300x225.jpg\" alt=\"\" width=\"300\" height=\"225\" srcset=\"https:\/\/electoconsultores.com\/blog\/wp-content\/uploads\/2018\/09\/pobreza-imagen-300x225.jpg 300w, https:\/\/electoconsultores.com\/blog\/wp-content\/uploads\/2018\/09\/pobreza-imagen-688x516.jpg 688w, https:\/\/electoconsultores.com\/blog\/wp-content\/uploads\/2018\/09\/pobreza-imagen.jpg 720w\" sizes=\"(max-width: 300px) 100vw, 300px\" \/><\/p>\n<p>Uno de los grandes compromisos durante la campa\u00f1a de 2012 de quien fuera el candidato de la alianza \u201cCompromiso Por M\u00e9xico\u201d y actual presidente, Enrique Pe\u00f1a Nieto, fue erradicar la pobreza alimentaria como parte de una estrategia encaminada a generar condiciones de igualdad en el pa\u00eds.<\/p>\n<p>Recordemos que los compromisos de Pe\u00f1a Nieto durante la campa\u00f1a, fueron acompa\u00f1ados siempre de una acci\u00f3n casi m\u00edtica con las memorables firmas ante notario p\u00fablico. Con estas firmas se pretend\u00eda dar un sentido de obligatoriedad para el cumplimiento de los compromisos. Evidentemente estas firmas no cumpl\u00edan con esa funci\u00f3n, y fueron puestas en escena para funcionar como s\u00edmbolos de legalidad y para generar certeza en la sociedad.<\/p>\n<p>El 1\u00b0 de abril de 2012, EPN sostuvo un encuentro con las etnias de la Sierra Tarahumara. En este evento correspondiente a las actividades de su tercer d\u00eda de campa\u00f1a, declar\u00f3 lo siguiente: &#8220;No m\u00e1s pobreza, no m\u00e1s hambre; hay 21 millones de mexicanos en pobreza alimentaria, que es una deuda mayor, un gran lastre, deuda del gobierno que se ha agravado en los \u00faltimos a\u00f1os&#8221;. Ante esta problem\u00e1tica se dio paso a la firma de su octavo compromiso en campa\u00f1a.<\/p>\n<p>&#8220;Vengo a hacer un compromiso ante ustedes para que no haya m\u00e1s pobreza, no m\u00e1s hambre&#8221;.<\/p>\n<p>Con un discurso que claramente evocaba valores como los de igualdad y justicia, Enrique Pe\u00f1a Nieto se comprometi\u00f3 a erradicar la pobreza en el pa\u00eds. Este compromiso m\u00e1s tarde, siendo el Presidente Constitucional de M\u00e9xico, quedar\u00eda plasmado dentro de las cinco metas de la hoja de ruta del Gobierno Federal, en lo que todos conocemos como el Plan Nacional de Desarrollo, y espec\u00edficamente en la meta de un M\u00e9xico Incluyente.<\/p>\n<p>Dentro del Plan Nacional de Desarrollo 2013- 2018, se hizo un diagn\u00f3stico de las situaciones de adversidad que enfrentaba la naci\u00f3n. Algunas de las barreras definidas en el PND para lograr el M\u00e9xico Incluyente, fueron el desarrollo social y la poblaci\u00f3n que se encontraba viviendo en situaci\u00f3n de pobreza y pobreza extrema. Las primeras cifras referentes a la pobreza que se mencionaron en la Introducci\u00f3n y Visi\u00f3n General del PND son las siguientes: El 46.2% de la poblaci\u00f3n vive en condiciones de pobreza y el 10.4% vive en condiciones de pobreza extrema. Tambi\u00e9n se muestra que en 40% de los municipios del pa\u00eds el porcentaje de la poblaci\u00f3n en situaci\u00f3n de pobreza es mayor al 75%. (CONEVAL 2010).<br \/>\nOtros aspectos que fueron considerados dentro del documento como situaciones poco favorables para mejorar las condiciones de vida de los mexicanos; eran la desigualdad del ingreso, la violaci\u00f3n de los derechos humanos, la discriminaci\u00f3n y el limitado acceso a servicios de salud y a una vivienda digna.<\/p>\n<p>Lo que se puede observar dentro del PND, es un diagn\u00f3stico muy claro de todos los aspectos que engloba la pobreza, una clara hoja de ruta con una visi\u00f3n program\u00e1tica definida para atacar el problema y disminuir el n\u00famero de carencias sociales en la poblaci\u00f3n en situaci\u00f3n de pobreza y pobreza extrema. As\u00ed tambi\u00e9n, aunque el lenguaje utilizado no fue del todo inclusivo, si fue totalmente evidente la empat\u00eda en el discurso.<\/p>\n<p>Pero a pesar de un claro diagn\u00f3stico en la meta II del PND, y una visi\u00f3n program\u00e1tica sustentada bajo esta construcci\u00f3n que permite consolidar las pol\u00edticas p\u00fablicas en conjunto con la ciudadan\u00eda, demos respuesta a lo que nos interesa saber, y dejemos claro cu\u00e1les son los saldos de Pe\u00f1a en el tema de pobreza a poco m\u00e1s de dos meses de que culmine su gesti\u00f3n.<\/p>\n<p>Si bien, los porcentajes de personas viviendo en situaci\u00f3n de pobreza disminuyeron de la siguiente manera: 2010 (46.1%), 2012 (45.5%), 2014 (46.2%) y 2016 (43.6%), la realidad es que hoy contamos con un mayor n\u00famero de pobres en nuestro pa\u00eds, ya que en 2010 exist\u00edan 52.8 millones personas viviendo en pobreza, y con base a la \u00faltima medici\u00f3n de CONEVAL publicada en agosto de 2017, tenemos ahora 53.4 millones de personas viviendo situaciones de vulnerabilidad.<\/p>\n<p>Estas cifran evidencian que durante el sexenio de Enrique Pe\u00f1a Nieto se le dio un tratamiento meramente paliativo al problema; el cual, lejos de sacar a personas de esta situaci\u00f3n, se increment\u00f3 el n\u00famero de pobres en nuestro pa\u00eds.<\/p>\n<p>Aunque los trucos de la comunicaci\u00f3n nos digan que la cifra actual representa un menor porcentaje respecto al total de la poblaci\u00f3n, esto se puede aclarar con una simple operaci\u00f3n aritm\u00e9tica, donde la poblaci\u00f3n crece en mayor proporci\u00f3n que el n\u00famero de pobres, y los mismos terminan representando un menor porcentaje de la poblaci\u00f3n total.<\/p>\n<p>Donde s\u00ed hubo un avance significativo, fue en el combate de la pobreza extrema. En este rubro pasamos de tener 11.5 millones en 2012 a 9.4 millones en 2016. Pero tengamos presente que una persona en pobreza extrema, es aquella que tiene 3 o m\u00e1s carencias sociales de las 6 que se eval\u00faan.<\/p>\n<p>En este sentido, debemos asumir que los indicadores de pobreza no son alentadores en la gesti\u00f3n de Pe\u00f1a. Mientras existan personas que no pueden cubrir sus necesidades b\u00e1sicas en cualquier rinc\u00f3n de nuestro pa\u00eds, habr\u00e1 una deuda pendiente del gobierno, lo cual requiere de pol\u00edticas que permitan incidir de manera inmediata para buscar su soluci\u00f3n.<\/p>\n<p>As\u00ed que el gobierno de Pe\u00f1a en materia de pobreza, queda con un SALDO NEGATIVO, aunque pretendan manipular y torcer los indicadores con los porcentajes.<\/p>\n<p>Mgter. Edgar Acosta Morteo<\/p>\n","protected":false},"excerpt":{"rendered":"<p>Uno de los grandes compromisos durante la campa\u00f1a de 2012 de quien fuera el candidato de la alianza \u201cCompromiso Por M\u00e9xico\u201d y actual presidente, Enrique Pe\u00f1a Nieto, fue erradicar la pobreza alimentaria como&#8230;<\/p>\n","protected":false},"author":2,"featured_media":68,"comment_status":"open","ping_status":"closed","sticky":false,"template":"","format":"standard","meta":[],"categories":[1],"tags":[],"_links":{"self":[{"href":"https:\/\/electoconsultores.com\/blog\/index.php?rest_route=\/wp\/v2\/posts\/67"}],"collection":[{"href":"https:\/\/electoconsultores.com\/blog\/index.php?rest_route=\/wp\/v2\/posts"}],"about":[{"href":"https:\/\/electoconsultores.com\/blog\/index.php?rest_route=\/wp\/v2\/types\/post"}],"author":[{"embeddable":true,"href":"https:\/\/electoconsultores.com\/blog\/index.php?rest_route=\/wp\/v2\/users\/2"}],"replies":[{"embeddable":true,"href":"https:\/\/electoconsultores.com\/blog\/index.php?rest_route=%2Fwp%2Fv2%2Fcomments&post=67"}],"version-history":[{"count":1,"href":"https:\/\/electoconsultores.com\/blog\/index.php?rest_route=\/wp\/v2\/posts\/67\/revisions"}],"predecessor-version":[{"id":69,"href":"https:\/\/electoconsultores.com\/blog\/index.php?rest_route=\/wp\/v2\/posts\/67\/revisions\/69"}],"wp:featuredmedia":[{"embeddable":true,"href":"https:\/\/electoconsultores.com\/blog\/index.php?rest_route=\/wp\/v2\/media\/68"}],"wp:attachment":[{"href":"https:\/\/electoconsultores.com\/blog\/index.php?rest_route=%2Fwp%2Fv2%2Fmedia&parent=67"}],"wp:term":[{"taxonomy":"category","embeddable":true,"href":"https:\/\/electoconsultores.com\/blog\/index.php?rest_route=%2Fwp%2Fv2%2Fcategories&post=67"},{"taxonomy":"post_tag","embeddable":true,"href":"https:\/\/electoconsultores.com\/blog\/index.php?rest_route=%2Fwp%2Fv2%2Ftags&post=67"}],"curies":[{"name":"wp","href":"https:\/\/api.w.org\/{rel}","templated":true}]}}